{"id":1,"date":"2016-11-18T15:23:35","date_gmt":"2016-11-18T15:23:35","guid":{"rendered":"http:\/\/www.sweetbazl.cz\/?p=1"},"modified":"2026-02-01T20:27:02","modified_gmt":"2026-02-01T19:27:02","slug":"ahoj-vsichni","status":"publish","type":"post","link":"https:\/\/www.sweetbazl.cz\/?p=1","title":{"rendered":"Boston terier, Bernsk\u00fd sala\u0161nick\u00fd pes, Anglick\u00fd buldok"},"content":{"rendered":"<p style=\"text-align: center;\"><strong>V\u00edtejte na str\u00e1nk\u00e1ch na\u0161\u00ed chovatelsk\u00e9 stanice Sweet Bazl, kter\u00e1 se zab\u00fdv\u00e1 chovem Bostonsk\u00fdch terier\u016f, Bernsk\u00fdch sala\u0161nick\u00fdch ps\u016f a nov\u011b Anglick\u00fdch buldok\u016f.<br \/>\n<\/strong><\/p>\n<p style=\"text-align: center;\"><strong>Na\u0161e mezin\u00e1rodn\u011b chr\u00e1n\u011bn\u00e1 chovatelsk\u00e1 stanice Sweet Bazl byla zaregistrov\u00e1na pod FCI v roce 2014. <\/strong><\/p>\n<p style=\"text-align: center;\" align=\"center\">Na\u0161eho prvn\u00edho bostonka jsem si po\u0159\u00eddila v roce 2010 Anuschku, je to jen na\u0161e mazlinka a kv\u016fli \u0161patn\u00e9mu zbarven\u00ed o\u010d\u00ed je kastrovan\u00e1 a nechov\u00e1me na n\u00ed. Za rok na to p\u0159i\u0161el v roce 2011 Benjaminek, kter\u00fd je tak\u00e9 nestandardn\u011b zbarven\u00fd a je kastrovan\u00fd.<\/p>\n<p style=\"text-align: center;\" align=\"center\"><em>Cht\u011bla jsem jen pejsky pro radost a o chovu jsem nep\u0159em\u00fd\u0161lela.<\/em><\/p>\n<p style=\"text-align: center;\" align=\"center\"><a href=\"http:\/\/www.sweetbazl.cz\/wp-content\/uploads\/2016\/11\/IMG_4760.jpg\"><img decoding=\"async\" loading=\"lazy\" class=\"size-medium wp-image-118 aligncenter\" src=\"http:\/\/www.sweetbazl.cz\/wp-content\/uploads\/2016\/11\/IMG_4760-300x231.jpg\" alt=\"img_4760\" width=\"300\" height=\"231\" srcset=\"https:\/\/www.sweetbazl.cz\/wp-content\/uploads\/2016\/11\/IMG_4760-300x231.jpg 300w, https:\/\/www.sweetbazl.cz\/wp-content\/uploads\/2016\/11\/IMG_4760-768x591.jpg 768w, https:\/\/www.sweetbazl.cz\/wp-content\/uploads\/2016\/11\/IMG_4760-1024x788.jpg 1024w, https:\/\/www.sweetbazl.cz\/wp-content\/uploads\/2016\/11\/IMG_4760-1140x877.jpg 1140w\" sizes=\"(max-width: 300px) 100vw, 300px\" \/><\/a><\/p>\n<p style=\"text-align: center;\" align=\"center\"><strong>Jak \u010das b\u011b\u017eel d\u00e1l a i d\u00edky sv\u00e9 pr\u00e1ci v ps\u00ed \u0161kolce jsem kynologii propadla a za\u010dala uva\u017eovat tentokr\u00e1t ji\u017e o standardn\u00ed fence vhodn\u00e9 na v\u00fdstavy a chov.<\/strong><\/p>\n<p style=\"text-align: center;\" align=\"center\">Tak\u017ee v roce 2013 p\u0159i\u0161la do na\u0161\u00ed sme\u010dky Bazalka \ud83d\ude42 S kterou jsme \u00fasp\u011b\u0161n\u011b absolvovali v\u00fdstavy, bonitaci, vy\u0161et\u0159en\u00ed na o\u010dn\u00ed d\u011bdi\u010dn\u00e9 vady a luxaci pately. V roce 2014 n\u00e1m byl schv\u00e1len n\u00e1zev chovatelsk\u00e9 stanice <em><strong>Sweet Bazl a tady to cel\u00e9 za\u010d\u00edn\u00e1 \ud83d\ude42<\/strong><\/em><\/p>\n<p style=\"text-align: center;\" align=\"center\">&nbsp;<a href=\"http:\/\/www.sweetbazl.cz\/wp-content\/uploads\/2016\/11\/486845_4755706181644_988523646_n.jpg\"><img decoding=\"async\" loading=\"lazy\" class=\"size-medium wp-image-117 alignleft\" src=\"http:\/\/www.sweetbazl.cz\/wp-content\/uploads\/2016\/11\/486845_4755706181644_988523646_n-300x200.jpg\" alt=\"486845_4755706181644_988523646_n\" width=\"300\" height=\"200\" srcset=\"https:\/\/www.sweetbazl.cz\/wp-content\/uploads\/2016\/11\/486845_4755706181644_988523646_n-300x200.jpg 300w, https:\/\/www.sweetbazl.cz\/wp-content\/uploads\/2016\/11\/486845_4755706181644_988523646_n-768x511.jpg 768w, https:\/\/www.sweetbazl.cz\/wp-content\/uploads\/2016\/11\/486845_4755706181644_988523646_n.jpg 960w\" sizes=\"(max-width: 300px) 100vw, 300px\" \/> <\/a><a href=\"http:\/\/www.sweetbazl.cz\/wp-content\/uploads\/2016\/11\/IMG_7196.jpg\"><img decoding=\"async\" loading=\"lazy\" class=\" wp-image-269 alignright\" src=\"http:\/\/www.sweetbazl.cz\/wp-content\/uploads\/2016\/11\/IMG_7196-300x232.jpg\" alt=\"IMG_7196\" width=\"257\" height=\"199\" srcset=\"https:\/\/www.sweetbazl.cz\/wp-content\/uploads\/2016\/11\/IMG_7196-300x232.jpg 300w, https:\/\/www.sweetbazl.cz\/wp-content\/uploads\/2016\/11\/IMG_7196-768x594.jpg 768w, https:\/\/www.sweetbazl.cz\/wp-content\/uploads\/2016\/11\/IMG_7196-1024x792.jpg 1024w, https:\/\/www.sweetbazl.cz\/wp-content\/uploads\/2016\/11\/IMG_7196-1140x882.jpg 1140w\" sizes=\"(max-width: 257px) 100vw, 257px\" \/><\/a><\/p>\n<p style=\"text-align: center;\" align=\"center\"><em><strong>V&nbsp;lednu 2015 se narodil n\u00e1\u0161 prvn\u00ed vrh A.<\/strong><\/em> Jeliko\u017e jako za\u010d\u00e1te\u010dn\u00edk jsem \u0161patn\u011b odhadla dobu kryt\u00ed jelo se moc brzo a \u201eudr\u017eel\u201c se pouze jeden bojovn\u00ed\u010dek a na sv\u011bt p\u0159i\u0161el 21.1.2015 Asterix. Ast\u00edk jako jedin\u00e1\u010dek m\u011bl obrovskou p\u00e9\u010di a byl vy-mazlen\u00e9 \u0161t\u011b\u0148\u00e1tko, kter\u00e9 odjelo a\u017e do Ostravy s&nbsp;\u00fa\u017easn\u00fdma pan\u00edkama.<\/p>\n<p style=\"text-align: center;\" align=\"center\"><a href=\"http:\/\/www.sweetbazl.cz\/wp-content\/uploads\/2016\/11\/IMGP1999_Fotor.jpg\"><img decoding=\"async\" loading=\"lazy\" class=\"alignnone wp-image-270\" src=\"http:\/\/www.sweetbazl.cz\/wp-content\/uploads\/2016\/11\/IMGP1999_Fotor-300x199.jpg\" alt=\"IMGP1999_Fotor\" width=\"273\" height=\"181\" srcset=\"https:\/\/www.sweetbazl.cz\/wp-content\/uploads\/2016\/11\/IMGP1999_Fotor-300x199.jpg 300w, https:\/\/www.sweetbazl.cz\/wp-content\/uploads\/2016\/11\/IMGP1999_Fotor-768x510.jpg 768w, https:\/\/www.sweetbazl.cz\/wp-content\/uploads\/2016\/11\/IMGP1999_Fotor-1024x680.jpg 1024w, https:\/\/www.sweetbazl.cz\/wp-content\/uploads\/2016\/11\/IMGP1999_Fotor-1140x757.jpg 1140w\" sizes=\"(max-width: 273px) 100vw, 273px\" \/><\/a><\/p>\n<p style=\"text-align: center;\" align=\"center\">Rok 2016 byl velice plodn\u00fd. Dorisce- Bazalky sest\u0159i\u010dce se narodila \u0161t\u011b\u0148\u00e1tka, vrh B, kter\u00fd se zapsal pod na\u0161\u00ed chovatelskou stanici. N\u00e1dhern\u00ed 3 kluci a 1 holka. Hol\u010di\u010dka Beru\u0161ka z\u016fstala doma a s maminkou&nbsp;Doriskou tvo\u0159\u00ed skv\u011blou dvojku.<\/p>\n<p style=\"text-align: center;\" align=\"center\">Ten sam\u00fd rok v&nbsp;kv\u011btnu se Bazalce narodilo hned 6 \u0161t\u011b\u0148\u00e1tek! 3 holky a 3 kluci. Bylo to velice n\u00e1ro\u010dn\u00e9, ale d\u00edky v\u0161emu, jsem z\u00edskala zase spoustu nov\u00fdch zku\u0161enost\u00ed, za kter\u00e9 jsem moc r\u00e1da.<\/p>\n<p style=\"text-align: center;\" align=\"center\"><a href=\"http:\/\/www.sweetbazl.cz\/wp-content\/uploads\/2016\/11\/13516186_1258599920839446_5375366169414924603_n.jpg\"><img decoding=\"async\" loading=\"lazy\" class=\"wp-image-119 alignright\" src=\"http:\/\/www.sweetbazl.cz\/wp-content\/uploads\/2016\/11\/13516186_1258599920839446_5375366169414924603_n-300x200.jpg\" alt=\"13516186_1258599920839446_5375366169414924603_n\" width=\"251\" height=\"167\" srcset=\"https:\/\/www.sweetbazl.cz\/wp-content\/uploads\/2016\/11\/13516186_1258599920839446_5375366169414924603_n-300x200.jpg 300w, https:\/\/www.sweetbazl.cz\/wp-content\/uploads\/2016\/11\/13516186_1258599920839446_5375366169414924603_n-768x512.jpg 768w, https:\/\/www.sweetbazl.cz\/wp-content\/uploads\/2016\/11\/13516186_1258599920839446_5375366169414924603_n.jpg 960w\" sizes=\"(max-width: 251px) 100vw, 251px\" \/><\/a><\/p>\n<p style=\"text-align: center;\" align=\"center\"><a href=\"http:\/\/www.sweetbazl.cz\/wp-content\/uploads\/2016\/11\/IMG_6109-1.jpg\"><img decoding=\"async\" loading=\"lazy\" class=\" wp-image-271 alignleft\" src=\"http:\/\/www.sweetbazl.cz\/wp-content\/uploads\/2016\/11\/IMG_6109-1-300x265.jpg\" alt=\"IMG_6109\" width=\"227\" height=\"201\" srcset=\"https:\/\/www.sweetbazl.cz\/wp-content\/uploads\/2016\/11\/IMG_6109-1-300x265.jpg 300w, https:\/\/www.sweetbazl.cz\/wp-content\/uploads\/2016\/11\/IMG_6109-1-768x679.jpg 768w, https:\/\/www.sweetbazl.cz\/wp-content\/uploads\/2016\/11\/IMG_6109-1-1024x905.jpg 1024w, https:\/\/www.sweetbazl.cz\/wp-content\/uploads\/2016\/11\/IMG_6109-1-1140x1007.jpg 1140w\" sizes=\"(max-width: 227px) 100vw, 227px\" \/><\/a><em><strong>Doma n\u00e1m zustala z vrhu C na\u0161e u\u017easn\u00e1 Caramellka. Tak\u017ee se sme\u010dka roz\u0161i\u0159ila na \u010dty\u0159i bostonky.<\/strong><\/em><\/p>\n<p style=\"text-align: center;\" align=\"center\">V roce 2017 jsem Bazalku nechala naposledy p\u0159ipustit. Porod prob\u011bhl u\u017e s pl\u00e1novanou kastrac\u00ed, proto\u017ee u\u017e jsem v\u011bd\u011bla, \u017ee Bazalku kr\u00fdt d\u00e1l nebudu a necham j\u00ed hezky u\u017e\u00edvat \u017eivota. Jej\u00ed posledn\u00ed vrh D, kde se n\u00e1m narodilo 5 \u0161t\u011b\u0148\u00e1tek 2 kluci a 3 hol\u010di\u010dky. No a jak jinak sme\u010dka se roz\u0161\u00ed\u0159ila o na\u0161\u00ed milovanou Dukatellku \ud83d\ude42<\/p>\n<p style=\"text-align: center;\" align=\"center\">Rok 2018 byl hodn\u011b o mimink\u00e1ch. 29.1. se n\u00e1m narodil n\u00e1\u0161 dvounoh\u00fd syn Mat\u011bj. Se kter\u00fdm za\u010dlo b\u00fdt teprve veselo \ud83d\ude42 Aby toho nebylo m\u00e1lo 7.2 porodila na\u0161e Caramellka p\u011bt kr\u00e1sn\u00fdch \u0161t\u011b\u0148\u00e1tek 2 kluci a 3 holky, tentokr\u00e1t v\u0161echna \u0161t\u011b\u0148\u00e1tka \u0161la do sv\u011bta. 9.2 jsme si pivezli ze Srbska na\u0161eho u\u017easn\u00e9ho Bucif\u00e1lka. Cht\u011bli jsme tro\u0161ku v \u010cR O\u017dIVIT BOSTON\u010c\u00cd KREV, PROTO\u017dE JE ZDE HODN\u011a P\u0158\u00cdBUZN\u00ddCH BOSTONK\u016e.<\/p>\n<p style=\"text-align: center;\" align=\"center\">No a podzim pat\u0159il na\u0161\u00ed Dudlince- Dukatella, kter\u00e1 n\u00e1m dala 12.12 u\u017easn\u00e9 t\u0159i rar\u00e1\u0161ky, jedna holka a dva kluky.<\/p>\n<p style=\"text-align: center;\" align=\"center\">V roce 2019 jsme m\u011bli celkem dva vrhy u\u017easn\u00fdch \u0161t\u011b\u0148\u00e1tek, koncem roku se narodil n\u00e1\u0161 druh\u00fd syn V\u00e1clav. Nav\u00edc se n\u00e1m poda\u0159ilo koupit bar\u00e1\u010dek, ikdy\u017e to znamenalo utect z Prahy, ale vlastn\u00ed d\u016fm s velkou zahradou byl velk\u00fd p\u0159\u00ednos pro na\u0161\u00ed sm\u011b\u010dku. Rok 2020 byl ve znamen\u00ed rekonstrukce domu, ale i tak se n\u00e1m poda\u0159ilo odchovat na r\u00e1z dva vrhy, celkem 10 \u0161t\u011b\u0148at. Byla to u\u017easn\u00e1 zku\u0161enost.No a jeliko\u017e d\u016fm nem\u016f\u017ee zustat bez velk\u00e9ho psa, p\u0159ivezli jsme si koncem roku na\u0161\u00ed prvn\u00ed Ber\u0148a\u010dku B\u00edbi.<\/p>\n<p style=\"text-align: center;\" align=\"center\">O rok pozd\u011bji 2021 se odehr\u00e1lo hodn\u011b. 28.3 jsme se radovali narozen\u00ed \u0161t\u011b\u0148\u00e1tek na\u0161\u00ed Caramellky , kter\u00e1 p\u0159ivedla na sv\u011bt 4 hol\u010di\u010dky, jak kdy\u017e by v\u011bd\u011bla, \u017ee si zvrhu budeme cht\u00edt nechat \ud83d\ude42 a vychrala to na\u0161e mala Chilli Jalapenos Paprika Sweet Bazl \ud83d\ude42 v z\u00e1p\u011bt\u00ed n\u00e1s ranila smrt Anuschky 30.3- po del\u0161\u00ed nemoci se srd\u00ed\u010dkem, pro m\u011b to bylo moc t\u011b\u017ek\u00e9 a moc mi chyb\u00ed! za\u010d\u00e1tkem pr\u00e1zdnin se narodil n\u00e1\u0161 na dlouhou dobu posledn\u00ed vrh K. S Bibi jsme stihli spoustu v\u00fdstav i p\u0159es obrovskou konkurenci m\u00e1me titul Junior \u0161ampion! a koncem pr\u00e1zdnin jsme jeli pro na\u0161\u00ed druhou Ber\u0148a\u010dku jmenem Nesse \ud83d\ude42<\/p>\n<p style=\"text-align: center;\" align=\"center\">Rok 2022 jsme pro\u017eili v klidu bez \u017e\u00e1dn\u00e9ho vrhu ani p\u0159\u00edrustku. Poda\u0159ilo se n\u00e1m uchovnit Bibi i Chilli&#8230;..<\/p>\n<p style=\"text-align: center;\" align=\"center\">Za to rok 2023 byl pln\u00fd za\u017eitk\u016f hezk\u00fdch i m\u00e9n\u011b \u0161\u0165astn\u00fdch. Na ja\u0159e se Chillince narodila \u0161t\u011b\u0148\u00e1tka 4. u tohodle vrhu jsem za\u017eila neuv\u011b\u0159iteln\u00fd smutek a bolest, na\u0161e jedna mal\u00e1 hol\u010di\u010dka onemocn\u011bla- bohu\u017eel vdechla potravu a\u017e do plic a sv\u016fj boj prohr\u00e1la v 6 t\u00fddnech po skoro t\u00fddenn\u00ed hospitalizaci na veterin\u011b. Byla to pro n\u00e1s velk\u00e1 r\u00e1na a uv\u011bdom\u011bn\u00ed jak jsou \u0161t\u011b\u0148\u00e1tka k\u0159ehk\u00e1. V b\u0159eznu jsem si domu p\u0159ivezla n\u00e1\u0161 nov\u00fd p\u0159\u00edrustek Anglick\u00e9ho buldoka, pro\u010d zrovna jeho a je\u0161t\u011b psa &#8211; kluka. Tak na tuhle ot\u00e1zku nezn\u00e1m odpov\u011b\u010f, byla to takov\u00e9 lasky splanut\u00ed \ud83d\ude42 Samozd\u0159ejm\u011b zkou\u0161\u00edme v\u00fdstavy a snad se n\u00e1m povede i p\u0159\u00ed\u0161t\u00ed rok Jakea uchovnit . Je to neuv\u011b\u0159iteln\u00fd \u0161a\u0161ek a d\u00e1v\u00e1 mi hodn\u011b pozitivn\u00ed energie. Bohu\u017eel v kv\u011btnu , p\u0159esn\u011b na m\u00e9 narozeniny, dal\u0161\u00ed r\u00e1na Benjaminek um\u00edr\u00e1. Nechyb\u011bli mu ani dva cel\u00e9 m\u011bs\u00edce a oslavil by 12.t\u00e9 narozeniny. Chyb\u00ed\u0161 n\u00e1m \ud83d\ude41<\/p>\n<p style=\"text-align: center;\" align=\"center\"><a href=\"http:\/\/www.sweetbazl.cz\/wp-content\/uploads\/2016\/11\/IMG_9616.jpg\"><img decoding=\"async\" loading=\"lazy\" class=\"size-medium wp-image-460 aligncenter\" src=\"http:\/\/www.sweetbazl.cz\/wp-content\/uploads\/2016\/11\/IMG_9616-300x253.jpg\" alt=\"IMG_9616\" width=\"300\" height=\"253\" srcset=\"https:\/\/www.sweetbazl.cz\/wp-content\/uploads\/2016\/11\/IMG_9616-300x253.jpg 300w, https:\/\/www.sweetbazl.cz\/wp-content\/uploads\/2016\/11\/IMG_9616-768x649.jpg 768w, https:\/\/www.sweetbazl.cz\/wp-content\/uploads\/2016\/11\/IMG_9616-1024x865.jpg 1024w, https:\/\/www.sweetbazl.cz\/wp-content\/uploads\/2016\/11\/IMG_9616-1140x963.jpg 1140w\" sizes=\"(max-width: 300px) 100vw, 300px\" \/><\/a><\/p>\n<p style=\"text-align: center;\" align=\"center\">A aby toho nebylo m\u00e1lo v \u010dervenci se na\u0161\u00ed Bibi narodila \u0161t\u011b\u0148\u00e1tka , celkem jich m\u011blo b\u00fdt 10, ale jedno u porodu nep\u0159e\u017eilo, tak\u017ee jsme m\u011bli 9 kuli\u010dek. Cel\u00fd vrh byl kr\u00e1sn\u00fd a moc jsem si ho u\u017e\u00edvala a\u017e na z\u00e1v\u011bre\u010dn\u00e9 komplikace. Poprv\u00e9 jsme prodali \u0161t\u011b\u0148\u00e1tka i do ciziny, v\u0161em d\u011blaj\u00ed pan\u00ed\u010dk\u016fm velkou radost . Na podzim se n\u00e1m poda\u0159ilo je\u0161t\u011b uchovnit na\u0161\u00ed Nessenku.<\/p>\n<p style=\"text-align: center;\" align=\"center\"><a href=\"http:\/\/www.sweetbazl.cz\/wp-content\/uploads\/2016\/11\/IMG_2066.jpg\"><img decoding=\"async\" loading=\"lazy\" class=\"size-medium wp-image-461 aligncenter\" src=\"http:\/\/www.sweetbazl.cz\/wp-content\/uploads\/2016\/11\/IMG_2066-300x201.jpg\" alt=\"IMG_2066\" width=\"300\" height=\"201\" srcset=\"https:\/\/www.sweetbazl.cz\/wp-content\/uploads\/2016\/11\/IMG_2066-300x201.jpg 300w, https:\/\/www.sweetbazl.cz\/wp-content\/uploads\/2016\/11\/IMG_2066-768x515.jpg 768w, https:\/\/www.sweetbazl.cz\/wp-content\/uploads\/2016\/11\/IMG_2066-1024x687.jpg 1024w, https:\/\/www.sweetbazl.cz\/wp-content\/uploads\/2016\/11\/IMG_2066-1140x764.jpg 1140w\" sizes=\"(max-width: 300px) 100vw, 300px\" \/><\/a><\/p>\n<p style=\"text-align: center;\" align=\"center\">Rok 2024 byl ur\u010dit\u011b od p\u0159edchoz\u00edho roku veselej\u0161\u00ed. O \u017e\u00e1dn\u00e9ho pejska ani star\u0161\u00ed \u0161t\u011b\u0148\u00e1tko jsme nep\u0159i\u0161li. N\u011bjak\u00e9 ztr\u00e1ty novorozen\u00fdch \u0161t\u011b\u0148\u00e1tek byly, ale bohu\u017eel jak v\u0161ichni \u0159ikaj\u00ed k chovu to pat\u0159\u00ed, ikdy\u017e to bol\u00ed taky.&nbsp; Na\u0161e chovatelsk\u00e1 stanice oslavila 10t\u00e9 narozeniny a v tomto roce se n\u00e1m poda\u0159ilo m\u00edt hned t\u0159i vrhy. Na ja\u0159e to zah\u00e1jila na\u0161e Chilli,v b\u0159eznu se j\u00ed narodilo, kr\u00e1sn\u00fdch 4(1) miminek. V kv\u011btnu jsem si k narozenin\u00e1m nad\u011blila moje \u0161t\u011bst\u00ed. Anglickou buldo\u010d\u00ed hol\u010di\u010dku Babetku a poda\u0159ilo se n\u00e1m uchovn\u00edt Jake. V \u010drrvnu se narodili \u0161t\u011b\u0148\u00e1tka na\u0161\u00ed Nessence, byl to jej\u00ed prvn\u00ed vrh a m\u011bla kr\u00e1sn\u00e1 3 \u0161t\u011b\u0148\u00e1tka. 1.9 jsme odstartovali \u0161koln\u00ed rok 8(4) \u0161t\u011b\u0148\u00e1tky od Bibinky, porod byl dlouh\u00fd a n\u00e1ro\u010dn\u00fd trval skoro 30h a bohu\u017eel dost \u0161t\u011b\u0148\u00e1tek sv\u016fj start na sv\u011bt nezvl\u00e1dlo. Z vrhu C jsme si nechali na\u0161\u00ed novou \u010dlenku sme\u010dky Cassidy. Tak\u017ee jsme na na\u0161em nejvi\u0161\u00edm \u010d\u00edsle 10 pejsk\u016f a m\u00e1me STOPKU \ud83d\ude00<\/p>\n<p align=\"center\"><a href=\"http:\/\/www.sweetbazl.cz\/wp-content\/uploads\/2016\/11\/IMG_8907-scaled.jpg\"><img decoding=\"async\" loading=\"lazy\" class=\"wp-image-585 aligncenter\" src=\"http:\/\/www.sweetbazl.cz\/wp-content\/uploads\/2016\/11\/IMG_8907-1024x751.jpg\" alt=\"\" width=\"506\" height=\"371\" srcset=\"https:\/\/www.sweetbazl.cz\/wp-content\/uploads\/2016\/11\/IMG_8907-1024x751.jpg 1024w, https:\/\/www.sweetbazl.cz\/wp-content\/uploads\/2016\/11\/IMG_8907-300x220.jpg 300w, https:\/\/www.sweetbazl.cz\/wp-content\/uploads\/2016\/11\/IMG_8907-768x563.jpg 768w, https:\/\/www.sweetbazl.cz\/wp-content\/uploads\/2016\/11\/IMG_8907-1536x1126.jpg 1536w, https:\/\/www.sweetbazl.cz\/wp-content\/uploads\/2016\/11\/IMG_8907-2048x1502.jpg 2048w, https:\/\/www.sweetbazl.cz\/wp-content\/uploads\/2016\/11\/IMG_8907-1140x836.jpg 1140w\" sizes=\"(max-width: 506px) 100vw, 506px\" \/><\/a><\/p>\n<h2 data-start=\"441\" data-end=\"487\">Rok 2025 a moje STOPKA dlouho nevydr\u017eela \ud83d\ude04<\/h2>\n<p data-start=\"489\" data-end=\"781\">P\u0159ipustili jsme na\u0161i Nesse (bernsk\u00fd sala\u0161nick\u00fd pes). U\u017e prvn\u00ed vrh nebyl velk\u00fd a Ness m\u011bla v b\u0159ezosti probl\u00e9m \u2013 \u0161t\u011b\u0148\u00e1tka se vst\u0159eb\u00e1vala. Hormon\u00e1ln\u00ed l\u00e9\u010dbu jsem odm\u00edtla a Ness dost\u00e1vala pouze vitam\u00edny. Nakonec se p\u0159ece jen jedno \u0161t\u011b\u0148\u00e1tko \u201eudr\u017eelo\u201c a 5. 6. se narodila jedin\u00e1 bojovnice \u2013 Dorotka.<\/p>\n<p data-start=\"783\" data-end=\"956\">Samoz\u0159ejm\u011b jsme v\u011bd\u011bli, \u017ee z\u016fstane doma. Nemuseli jsme to \u0159\u00edkat ani nahlas. Dal\u0161\u00ed pes v\u016fbec nebyl pl\u00e1novan\u00fd, ale prost\u011b jsme ji nemohli d\u00e1t pry\u010d. A tak z\u016fstala na\u0161e Dorotka.<\/p>\n<p data-start=\"958\" data-end=\"1119\">V prvn\u00ed polovin\u011b roku se n\u00e1m poda\u0159ilo uchovnit i na\u0161i buldo\u010d\u00ed fenku Babetku a n\u00e1\u0161 buldok Jake m\u011bl sv\u00e9 prvn\u00ed kryt\u00ed, ze kter\u00e9ho se narodilo \u00fa\u017easn\u00fdch \u0161est \u0161t\u011b\u0148\u00e1tek.<\/p>\n<h3 data-start=\"1126\" data-end=\"1168\">Podzim ale pro n\u00e1s byl velice n\u00e1ro\u010dn\u00fd\u2026<\/h3>\n<p data-start=\"1170\" data-end=\"1419\">Na\u0161e mal\u00e1 Dorotka m\u011bla v\u00e1\u017en\u00fd \u00faraz hlavy. Musela b\u00fdt hospitalizovan\u00e1 a bojovala o \u017eivot. Poprv\u00e9 v \u017eivot\u011b jsme vyu\u017eili pomoci ostatn\u00edch a d\u00edky sb\u00edrce na Donio se vybrala neuv\u011b\u0159iteln\u00e1 \u010d\u00e1stka, d\u00edky kter\u00e9 jsme j\u00ed mohli poskytnout tu nejlep\u0161\u00ed mo\u017enou p\u00e9\u010di.<\/p>\n<p data-start=\"1421\" data-end=\"1546\">Dorotka je dnes zase relativn\u011b v po\u0159\u00e1dku. Je\u0161t\u011b budeme \u0159e\u0161it oko a testy na sr\u00e1\u017elivost krve, ale je to vesel\u00e1 a kr\u00e1sn\u00e1 holka.<\/p>\n<p data-start=\"1548\" data-end=\"1751\">Narodilo se n\u00e1m tak\u00e9 deset \u0161t\u011b\u0148\u00e1tek po Bibi (bernsk\u00fd sala\u0161nick\u00fd pes). Vrh byl n\u00e1dhern\u00fd, ale v zimn\u00edm obdob\u00ed velmi n\u00e1ro\u010dn\u00fd. Sou\u010dasn\u011b jsme m\u011bli i vrh bostonsk\u00fdch teri\u00e9r\u016f od Chilli, kter\u00fdch se narodilo p\u011bt.<\/p>\n<p data-start=\"1753\" data-end=\"1877\">Bohu\u017eel jednoho chlape\u010dka jsme museli v p\u011bti t\u00fddnech nechat odej\u00edt kv\u016fli v\u00e1\u017en\u00e9 vrozen\u00e9 vad\u011b. Bylo to to nejt\u011b\u017e\u0161\u00ed rozhodnut\u00ed\u2026<\/p>\n<p data-start=\"1753\" data-end=\"1877\"><a href=\"http:\/\/www.sweetbazl.cz\/wp-content\/uploads\/2016\/11\/IMG_9177-scaled.jpg\"><img decoding=\"async\" loading=\"lazy\" class=\"wp-image-584 aligncenter\" src=\"http:\/\/www.sweetbazl.cz\/wp-content\/uploads\/2016\/11\/IMG_9177-1024x878.jpg\" alt=\"\" width=\"520\" height=\"446\" srcset=\"https:\/\/www.sweetbazl.cz\/wp-content\/uploads\/2016\/11\/IMG_9177-1024x878.jpg 1024w, https:\/\/www.sweetbazl.cz\/wp-content\/uploads\/2016\/11\/IMG_9177-300x257.jpg 300w, https:\/\/www.sweetbazl.cz\/wp-content\/uploads\/2016\/11\/IMG_9177-768x658.jpg 768w, https:\/\/www.sweetbazl.cz\/wp-content\/uploads\/2016\/11\/IMG_9177-1536x1316.jpg 1536w, https:\/\/www.sweetbazl.cz\/wp-content\/uploads\/2016\/11\/IMG_9177-2048x1755.jpg 2048w, https:\/\/www.sweetbazl.cz\/wp-content\/uploads\/2016\/11\/IMG_9177-1140x977.jpg 1140w\" sizes=\"(max-width: 520px) 100vw, 520px\" \/><\/a><\/p>\n<p align=\"center\">Jsme \u0161\u0165astn\u00ed, \u017ee v\u0161echna \u0161t\u011b\u0148\u00e1tka na\u0161la ty nejlep\u0161\u00ed mo\u017en\u00e9 domovy a skv\u011bl\u00e9 rodiny.<br data-start=\"685\" data-end=\"688\">Rok 2025 byl sice velmi n\u00e1ro\u010dn\u00fd a emotivn\u00ed, ale z\u00e1rove\u0148 n\u00e1m uk\u00e1zal, kolik dobr\u00fdch lid\u00ed kolem sebe m\u00e1me.<br data-start=\"791\" data-end=\"794\">Odchovali jsme celkem patn\u00e1ct \u0161t\u011b\u0148\u00e1tek a i p\u0159es v\u0161echny slzy v\u00edme, \u017ee to m\u011blo smysl.<\/p>\n<p align=\"center\"><a href=\"http:\/\/www.sweetbazl.cz\/wp-content\/uploads\/2016\/11\/IMG_7908-scaled.jpg\"><img decoding=\"async\" loading=\"lazy\" class=\"wp-image-586 aligncenter\" src=\"http:\/\/www.sweetbazl.cz\/wp-content\/uploads\/2016\/11\/IMG_7908-1024x683.jpg\" alt=\"\" width=\"515\" height=\"343\" srcset=\"https:\/\/www.sweetbazl.cz\/wp-content\/uploads\/2016\/11\/IMG_7908-1024x683.jpg 1024w, https:\/\/www.sweetbazl.cz\/wp-content\/uploads\/2016\/11\/IMG_7908-300x200.jpg 300w, https:\/\/www.sweetbazl.cz\/wp-content\/uploads\/2016\/11\/IMG_7908-768x512.jpg 768w, https:\/\/www.sweetbazl.cz\/wp-content\/uploads\/2016\/11\/IMG_7908-1536x1024.jpg 1536w, https:\/\/www.sweetbazl.cz\/wp-content\/uploads\/2016\/11\/IMG_7908-2048x1365.jpg 2048w, https:\/\/www.sweetbazl.cz\/wp-content\/uploads\/2016\/11\/IMG_7908-1140x760.jpg 1140w\" sizes=\"(max-width: 515px) 100vw, 515px\" \/><\/a><\/p>\n<p style=\"text-align: center;\" align=\"center\"><strong>Na\u0161e priorita je v\u00fdborn\u00fd zdravotn\u00ed stav a sna\u017e\u00edme se poskytnout narozen\u00fdm \u0161t\u011b\u0148\u00e1tk\u016fm ty nejlep\u0161\u00ed p\u0159edpoklady pro \u017eivot, jak ty zdravotn\u00ed, tak i v\u00fdbornou socializac\u00ed, kterou jim v&nbsp;na\u0161\u00ed p\u00e9\u010di pln\u011b v\u011bnujeme.<\/strong><\/p>\n<p style=\"text-align: center;\" align=\"center\">Nen\u00ed n\u00e1m lhostejn\u00e9, kam \u0161t\u011b\u0148\u00e1tka um\u00edst\u00edme a po nov\u00fdch majitel\u00edch po\u017eadujeme, ob\u010dasn\u00fd kontakt, aspo\u0148 telefonicky nebo elektronicky- jsem py\u0161n\u00e1, \u017ee zat\u00edm v\u00edm o v\u0161ech na\u0161ich \u0161t\u011b\u0148\u00e1tk\u00e1ch. Jsou to u\u017e kr\u00e1sn\u00ed psi a maj\u00ed skv\u011bl\u00e9 p\u00e1n\u00ed\u010dky, kter\u00fdm moc d\u011bkuji, \u017ee posilaj\u00ed fotky a hlavn\u011b se tak skv\u011ble staraj\u00ed.<\/p>\n<p><a href=\"http:\/\/www.sweetbazl.cz\/wp-content\/uploads\/2016\/11\/13528655_1258539004178871_5601748771318394259_n.jpg\"><img decoding=\"async\" loading=\"lazy\" class=\"alignnone size-full wp-image-120\" src=\"http:\/\/www.sweetbazl.cz\/wp-content\/uploads\/2016\/11\/13528655_1258539004178871_5601748771318394259_n.jpg\" alt=\"13528655_1258539004178871_5601748771318394259_n\" width=\"960\" height=\"597\" srcset=\"https:\/\/www.sweetbazl.cz\/wp-content\/uploads\/2016\/11\/13528655_1258539004178871_5601748771318394259_n.jpg 960w, https:\/\/www.sweetbazl.cz\/wp-content\/uploads\/2016\/11\/13528655_1258539004178871_5601748771318394259_n-300x187.jpg 300w, https:\/\/www.sweetbazl.cz\/wp-content\/uploads\/2016\/11\/13528655_1258539004178871_5601748771318394259_n-768x478.jpg 768w\" sizes=\"(max-width: 960px) 100vw, 960px\" \/><\/a><\/p>\n","protected":false},"excerpt":{"rendered":"<p>V\u00edtejte na str\u00e1nk\u00e1ch na\u0161\u00ed chovatelsk\u00e9 stanice Sweet Bazl, kter\u00e1 se zab\u00fdv\u00e1 chovem Bostonsk\u00fdch terier\u016f, Bernsk\u00fdch sala\u0161nick\u00fdch ps\u016f a nov\u011b Anglick\u00fdch buldok\u016f. Na\u0161e mezin\u00e1rodn\u011b chr\u00e1n\u011bn\u00e1 chovatelsk\u00e1 stanice Sweet Bazl byla zaregistrov\u00e1na pod FCI v roce 2014. Na\u0161eho prvn\u00edho bostonka jsem si po\u0159\u00eddila v roce 2010 Anuschku, je to jen na\u0161e mazlinka a kv\u016fli \u0161patn\u00e9mu zbarven\u00ed o\u010d\u00ed<span class=\"excerpt-ellipsis\">&#8230;<\/span><\/p>\n<p><a class=\"more-link\" href=\"https:\/\/www.sweetbazl.cz\/?p=1\" itemprop=\"url\">Continue Reading<\/a><\/p>\n","protected":false},"author":1,"featured_media":0,"comment_status":"open","ping_status":"open","sticky":false,"template":"","format":"standard","meta":[],"categories":[1],"tags":[],"_links":{"self":[{"href":"https:\/\/www.sweetbazl.cz\/index.php?rest_route=\/wp\/v2\/posts\/1"}],"collection":[{"href":"https:\/\/www.sweetbazl.cz\/index.php?rest_route=\/wp\/v2\/posts"}],"about":[{"href":"https:\/\/www.sweetbazl.cz\/index.php?rest_route=\/wp\/v2\/types\/post"}],"author":[{"embeddable":true,"href":"https:\/\/www.sweetbazl.cz\/index.php?rest_route=\/wp\/v2\/users\/1"}],"replies":[{"embeddable":true,"href":"https:\/\/www.sweetbazl.cz\/index.php?rest_route=%2Fwp%2Fv2%2Fcomments&post=1"}],"version-history":[{"count":21,"href":"https:\/\/www.sweetbazl.cz\/index.php?rest_route=\/wp\/v2\/posts\/1\/revisions"}],"predecessor-version":[{"id":588,"href":"https:\/\/www.sweetbazl.cz\/index.php?rest_route=\/wp\/v2\/posts\/1\/revisions\/588"}],"wp:attachment":[{"href":"https:\/\/www.sweetbazl.cz\/index.php?rest_route=%2Fwp%2Fv2%2Fmedia&parent=1"}],"wp:term":[{"taxonomy":"category","embeddable":true,"href":"https:\/\/www.sweetbazl.cz\/index.php?rest_route=%2Fwp%2Fv2%2Fcategories&post=1"},{"taxonomy":"post_tag","embeddable":true,"href":"https:\/\/www.sweetbazl.cz\/index.php?rest_route=%2Fwp%2Fv2%2Ftags&post=1"}],"curies":[{"name":"wp","href":"https:\/\/api.w.org\/{rel}","templated":true}]}}